{"id":16372,"date":"2026-03-13T06:36:27","date_gmt":"2026-03-13T05:36:27","guid":{"rendered":"https:\/\/www.bestforming.de\/blog\/was-mich-am-weltfrauentag-2026-wirklich-getroffen-hat-2\/"},"modified":"2026-03-14T21:09:32","modified_gmt":"2026-03-14T20:09:32","slug":"was-mich-am-weltfrauentag-2026-wirklich-getroffen-hat-2","status":"publish","type":"post","link":"https:\/\/www.bestforming.de\/hi\/blog\/was-mich-am-weltfrauentag-2026-wirklich-getroffen-hat-2\/","title":{"rendered":"\u091c\u094b \u092c\u093e\u0924 \u0928\u0947 \u092e\u0941\u091d\u0947 \u0935\u093f\u0936\u094d\u0935 \u092e\u0939\u093f\u0932\u093e \u0926\u093f\u0935\u0938 2026 \u092a\u0930 \u0938\u091a \u092e\u0947\u0902 \u091b\u0942 \u0932\u093f\u092f\u093e"},"content":{"rendered":"<p><strong>\u0938\u0902\u0915\u094d\u0937\u0947\u092a \u092e\u0947\u0902:<\/strong><\/p>\n<p>\u0907\u0938 Weltfrauentags-Post \u0928\u0947 mich nicht eine einzelne Zahl, sondern die Wucht des Zusammenhangs nicht losgelassen: \u0921\u0930, Macht, Geld, Medizin und Gewalt greifen viel unmittelbarer ineinander, als man es sich im Alltag gern klarmacht. Wenn junge Frauen M\u00e4nnern gegen\u00fcber offenkundig nicht angstfrei sind, wenn sexuelle Bel\u00e4stigung in erschreckender Gr\u00f6\u00dfenordnung zum Alltag geh\u00f6rt, wenn Frauen in F\u00fchrung, Einkommen und medizinischer Wahrnehmung weiter strukturell benachteiligt sind und wenn selbst Schutzr\u00e4ume im Ernstfall nicht verl\u00e4sslich genug sind, dann ist Gleichstellung keine symbolische Debatte, sondern eine Frage gesellschaftlicher Realit\u00e4t. Der Text ist mein Versuch, diese Schieflage als Mann nicht blo\u00df zu benennen, sondern ernst zu nehmen: ohne Abwehr, ohne Selbstentlastung und mit der unbequemen Frage, was Verantwortung jenseits pers\u00f6nlicher Nichtt\u00e4terschaft eigentlich bedeutet.<\/p>\n<p>&nbsp;~~~<\/p>\n<p>Am Sonntag, dem 8. M\u00e4rz 2026, habe ich wie viele andere einen Weltfrauentags-Post gesehen, kurz weitergewischt, wieder zur\u00fcckgewischt und dann gemerkt, dass ich nicht einfach zur Tagesordnung \u00fcbergehen kann. Nicht, weil mir das Thema neu gewesen w\u00e4re. Im Gegenteil. Vieles davon wusste ich in groben Z\u00fcgen l\u00e4ngst. Frauen verdienen im Schnitt weniger. Frauen sind in F\u00fchrung unterrepr\u00e4sentiert. Gewalt gegen Frauen ist strukturell. Medizin ist oft am m\u00e4nnlichen K\u00f6rper ausgerichtet. All das geh\u00f6rt inzwischen zum \u00f6ffentlichen Wissen, jedenfalls in dem beruhigenden Sinn, in dem man Dinge \u201cirgendwie schon mal geh\u00f6rt\u201d hat.<\/p>\n<p>Was mich an diesem Post nicht loslie\u00df, war etwas anderes. Es war die Verdichtung. Die Art, wie einzelne Zahlen pl\u00f6tzlich nicht mehr wie Statistik wirkten, sondern wie Druck. Und es war meine eigene Reaktion darauf. Ich habe n\u00e4mlich nicht alle Punkte gleich stark wahrgenommen. Ich habe sofort selektiert. Ich habe herausgegriffen, was mich unmittelbar getroffen hat. Und gerade diese Auswahl sagt vielleicht mehr \u00fcber die Realit\u00e4t aus als der ganze Post zusammen.<\/p>\n<p>Ich blieb nicht zuerst beim Lohn h\u00e4ngen. Nicht zuerst bei der EU-Platzierung. Nicht zuerst bei historischen Linien oder juristischen Selbstverst\u00e4ndlichkeiten. Ich blieb bei Angst h\u00e4ngen. Bei Macht. Bei Zeit. Und bei der unbequemen Frage, was ein anst\u00e4ndiger Mann mit solchen Befunden eigentlich anf\u00e4ngt, wenn er nicht reflexhaft in Abwehr, Distanz oder Selbstentlastung fl\u00fcchten will.<\/p>\n<p>Denn genau das ist f\u00fcr mich der eigentliche Pr\u00fcfstein dieses Themas: nicht, ob man die richtigen S\u00e4tze aufsagen kann, sondern ob man bereit ist, die Realit\u00e4t in ihrer Schieflage auszuhalten, ohne sich aus ihr herauszureden.<\/p>\n<p><strong>\u0939\u0930 Zahl gleich schwer \u0928\u0939\u0940\u0902 \u0939\u094b\u0924\u0940<\/strong><\/p>\n<p>Ein Weltfrauentags-Post arbeitet naturgem\u00e4\u00df mit Verdichtung. Er verdichtet Missst\u00e4nde, Unterschiede, R\u00fcckst\u00e4nde und Zumutungen in wenige Grafiken und wenige Sekunden Aufmerksamkeit. Das ist sein Format. Aber gerade deshalb ist interessant, welche Zahlen als blo\u00dfe Information vorbeiziehen und welche sich festsetzen.<\/p>\n<p>Bei mir waren es vor allem vier.<\/p>\n<p>Die erste war die Behauptung, keine einzige junge Frau habe in einer bev\u00f6lkerungsnahen Befragung angegeben, angstfrei in Bezug auf M\u00e4nner zu sein. Die zweite war die Zahl von \u00fcber 80 Prozent junger Frauen zwischen 16 und 24, die in den vergangenen Jahren sexuelle Bel\u00e4stigung ohne K\u00f6rperkontakt erlebt haben sollen, etwa durch Blicke, Kommentare oder aufdringliche Ansprachen. Die dritte war der Befund, dass nicht einmal ein Drittel der F\u00fchrungskr\u00e4fte in Deutschland weiblich ist. Und die vierte war die globale Perspektive: Noch 123 Jahre bis zu einer halbwegs vollst\u00e4ndigen Gleichstellung, wenn es im aktuellen Tempo weitergeht.<\/p>\n<p>Dass mich genau diese Punkte angesprungen haben, ist kein Zufall. Sie bilden eine Art Achse. Unten steht die unmittelbare Verletzbarkeit des Alltags. Dar\u00fcber die strukturelle Asymmetrie von Einfluss und Entscheidungsmacht. Dar\u00fcber wiederum die historische Langsamkeit des Fortschritts. Anders gesagt: Erst die Angst, dann die Macht, dann die Zeit. Wer diese drei Ebenen zusammendenkt, versteht sehr schnell, warum Gleichstellung kein dekoratives Wohlf\u00fchlthema ist, sondern eine n\u00fcchterne Frage gesellschaftlicher Ordnung.<\/p>\n<p><strong>\u091c\u092c \u0921\u0930 Ausnahme \u0928\u0939\u0940\u0902, \u092c\u0932\u094d\u0915\u093f Grundrauschen \u0939\u094b<\/strong><\/p>\n<p>Ich glaube, viele M\u00e4nner untersch\u00e4tzen, wie radikal der Satz ist, dass junge Frauen M\u00e4nnern gegen\u00fcber nicht angstfrei sind. Nicht, weil sie ihn nicht h\u00f6ren. Sondern weil sie ihn innerlich zu schnell \u00fcbersetzen. Sie h\u00f6ren dann etwas wie: Es gibt unangenehme Erfahrungen, es gibt Unsicherheiten, es gibt Vorsicht. Das stimmt alles. Aber es verharmlost die Wucht des Befunds.<\/p>\n<p>Denn angstfrei zu sein ist eigentlich der Normalzustand, den eine freie Gesellschaft ihren B\u00fcrgerinnen und B\u00fcrgern schuldet. Angstfreiheit hei\u00dft nicht Naivit\u00e4t. Es hei\u00dft nicht, blind oder sorglos zu sein. Es hei\u00dft nur: Ich kann mich im \u00f6ffentlichen Raum bewegen, ohne st\u00e4ndig ein Restrisiko mitdenken zu m\u00fcssen, das mit meinem Geschlecht verbunden ist. Wenn dieser Zustand f\u00fcr junge Frauen im Verh\u00e4ltnis zu M\u00e4nnern offenkundig nicht gegeben ist, dann reden wir nicht \u00fcber ein Randproblem. Dann reden wir \u00fcber eine St\u00f6rung des gesellschaftlichen Grundvertrags.<\/p>\n<p>Mich hat daran besonders getroffen, dass ich diesen Satz nicht nur intellektuell nachvollziehen konnte. Ich konnte ihn emotional nachvollziehen. Ich habe in einem privaten Chat geschrieben, dass auch ich als Mann Angst vor M\u00e4nnern habe. Das ist keine rhetorische Volte. M\u00e4nner k\u00f6nnen f\u00fcr andere M\u00e4nner bedrohlich sein. Wer m\u00e4nnliche Aggression, Dominanzrituale, enthemmte Gewalt, Gruppendynamik oder die Mischung aus Kr\u00e4nkung und Entgrenzung kennt, wei\u00df das. Der Unterschied ist nur: F\u00fcr M\u00e4nner ist diese Angst in der Regel situativ. F\u00fcr Frauen ist sie viel h\u00e4ufiger strukturell mit dem Alltag verkoppelt.<\/p>\n<p>Genau darin liegt der Punkt. Wenn ich als Mann sage, dass ich Angst vor M\u00e4nnern haben kann, relativiere ich weibliche Angst nicht. Ich komme ihr nur ein St\u00fcck n\u00e4her. Und ich merke dabei etwas Unangenehmes: Das eigentlich Erschreckende ist nicht, dass ich dieses Gef\u00fchl kenne. Das Erschreckende ist, wie viele M\u00e4nner sich darum herumorganisieren, es nicht kennen zu wollen.<\/p>\n<p>Denn m\u00e4nnliche Selbstbilder sind erstaunlich resistent gegen diese Art von Einsicht. Der anst\u00e4ndige Mann will nicht T\u00e4ter sein. Das ist nachvollziehbar. Aber zu oft bleibt er an genau dieser Stelle stehen. Er sagt sich: Ich bin nicht so. Ich mache so etwas nicht. Ich habe damit nichts zu tun. Und damit ist das eigene moralische Konto im Kopf ausgeglichen.<\/p>\n<p>Nur ist die Sache eben nicht erledigt, nur weil man pers\u00f6nlich keine \u00fcbergriffigen Kommentare ruft.<\/p>\n<p><strong>\u0938\u093f\u0930\u094d\u092b T\u00e4ter \u0928 \u0939\u094b\u0928\u093e \u092c\u0939\u0941\u0924 \u0915\u092e \u0939\u0948<\/strong><\/p>\n<p>Einer meiner S\u00e4tze im Chat lautete sinngem\u00e4\u00df: Ich bin mir zu hundert Prozent sicher, dass ich zu diesen Erfahrungen null Prozent beigetragen habe. Das war ehrlich gemeint. Aber beim sp\u00e4teren Nachdenken ist mir klar geworden, dass genau in dieser Ehrlichkeit auch eine Grenze liegt.<\/p>\n<p>Nat\u00fcrlich ist es nicht nichts, nicht T\u00e4ter zu sein. Im Gegenteil. Es ist die unverzichtbare Mindestbedingung zivilisierten Verhaltens. Aber sie ist eben genau das: eine Mindestbedingung. Keine gesellschaftliche Leistung. Kein Freispruch in gr\u00f6\u00dferer Sache. Kein Grund, sich aus der Debatte zu verabschieden.<\/p>\n<p>Denn strukturelle Verh\u00e4ltnisse bestehen ja gerade darin, dass sie nicht von einzelnen Monstern allein erzeugt werden. Sie bestehen auch aus Wegsehen, Dulden, Bagatellisieren, Nachsicht gegen\u00fcber m\u00e4nnlicher Grenz\u00fcberschreitung, aus der Gewohnheit, weibliche Vorsicht f\u00fcr \u00dcberempfindlichkeit zu halten, und aus der Bequemlichkeit, all das f\u00fcr kulturelles Wetter zu halten, das man selbst nicht gemacht hat und deshalb nicht \u00e4ndern m\u00fcsse.<\/p>\n<p>Hier wird die m\u00e4nnliche Perspektive erst dann interessant, wenn sie ihre bequemste Form verliert. Nicht als B\u00fchne f\u00fcr gekr\u00e4nkte Selbstverteidigung. Nicht als Bitte um Anerkennung daf\u00fcr, dass man sich ordentlich verh\u00e4lt. Sondern als Bereitschaft, eine unangenehme Wahrheit zu akzeptieren: Auch wer nicht \u00fcbergriffig handelt, profitiert h\u00e4ufig von einer Ordnung, in der weibliche Unsicherheit und m\u00e4nnliche Dominanz l\u00e4ngst mitgedacht sind.<\/p>\n<p>Das ist kein pers\u00f6nlicher Schuldvorwurf im moralischen Kitschformat. Es ist eine Beschreibung gesellschaftlicher Realit\u00e4t. Wer als Mann ernsthaft \u00fcber Gleichstellung nachdenkt, muss nicht vor allem seine Unschuld betonen, sondern seine Verantwortung kl\u00e4ren.<\/p>\n<p><strong>\u00dcbergriffe \u0939\u093e\u0925 \u0938\u0947 \u092c\u0939\u0941\u0924 \u092a\u0939\u0932\u0947 \u0936\u0941\u0930\u0942 \u0939\u094b \u091c\u093e\u0924\u0947 \u0939\u0948\u0902<\/strong><\/p>\n<p>Gerade die Diskussion \u00fcber sexuelle Bel\u00e4stigung zeigt, wie tief die Verharmlosung sitzt. Viele denken bei Bel\u00e4stigung noch immer erst an k\u00f6rperliche Grenz\u00fcberschreitung. Als sei das Problem erst dort real, wo eine Hand im Spiel ist. Dabei wird der Alltag von Frauen viel fr\u00fcher unfreier.<\/p>\n<p>Blicke k\u00f6nnen nicht neutral sein. Kommentare sind nicht harmlos, nur weil sie in vermeintlich scherzhafter Form ge\u00e4u\u00dfert werden. Aufdringliche Ansprachen sind nicht deshalb belanglos, weil sie keine juristisch klar beweisbare Tat mit K\u00f6rperkontakt darstellen. Der Versuch, all das unter \u201cSpr\u00fcche\u201d, \u201cKomplimente\u201d oder \u201cist halt unangenehm\u201d abzulegen, ist Teil des Problems. Er mutet Frauen zu, genau die Dinge kleinzureden, die ihren Alltag verengen.<\/p>\n<p>Die Zahl von \u00fcber 80 Prozent f\u00fcr junge Frauen hat mich deshalb so getroffen, weil sie die Gr\u00f6\u00dfenordnung sichtbar macht, um die es hier geht. Selbst wenn man methodisch sauber dazusagen muss, dass nicht jede Social-Media-Grafik dieselbe Pr\u00e4zision hat wie eine ausf\u00fchrlich ver\u00f6ffentlichte Prim\u00e4rstudie, bleibt die Richtung eindeutig. Und die breiteren Daten sind ebenfalls drastisch genug. Wenn mehr als ein Drittel der Frauen innerhalb von f\u00fcnf Jahren sexuelle Bel\u00e4stigung ohne K\u00f6rperkontakt erlebt hat und \u00fcber die Lebenszeit mehr als jede zweite Frau davon betroffen ist, dann hat sich jede Rede vom Ausnahmefall erledigt.<\/p>\n<p>Dann reden wir \u00fcber eine soziale Normalit\u00e4t, die nicht normal sein d\u00fcrfte.<\/p>\n<p><strong>\u092eacht \u0938\u093f\u0930\u094d\u092b Gesetzen \u092e\u0947\u0902 \u0928\u0939\u0940\u0902, Etagen \u092e\u0947\u0902 \u092d\u0940 \u0926\u093f\u0916\u0924\u0940 \u0939\u0948<\/strong><\/p>\n<p>Man kann Gleichstellung juristisch bejahen und faktisch doch in einer Gesellschaft leben, in der Macht ungleich verteilt bleibt. Genau deshalb war f\u00fcr mich der Befund zur weiblichen Unterrepr\u00e4sentation in F\u00fchrungspositionen nicht blo\u00df ein zweites, nachgelagertes Thema. Er geh\u00f6rt unmittelbar dazu.<\/p>\n<p>Wenn in Deutschland nicht einmal ein Drittel der F\u00fchrungskr\u00e4fte weiblich ist und das Land im europ\u00e4ischen Vergleich weit hinten liegt, dann ist das nicht einfach eine unsch\u00f6ne statistische Schieflage. Es ist ein Indikator daf\u00fcr, wer entscheidet, wessen Perspektive als normal gilt und in welchen R\u00e4umen Karriere, Autorit\u00e4t und Deutungshoheit immer noch \u00fcberwiegend m\u00e4nnlich codiert sind.<\/p>\n<p>Ich habe im privaten Chat ziemlich scharf formuliert, dass 33 Prozent f\u00fcr das Jahr 2026 ein Witz seien und dass f\u00fcr mich alles zwischen 53,5 und 66,6 Prozent plausibler wirke. Das klingt im ersten Moment vielleicht \u00fcberzogen oder demonstrativ mathematisch. Gemeint war aber etwas sehr Einfaches: Ein Drittel ist keine ernstzunehmende Zielmarke in einer Gesellschaft, die sich seit Jahrzehnten selbst f\u00fcr modern h\u00e4lt. Ein Drittel ist das Niveau, auf dem man Unterrepr\u00e4sentation verwaltet und ihr ein Etikett des Fortschritts anklebt.<\/p>\n<p>Wer Machtverh\u00e4ltnisse wirklich verschieben will, darf sich nicht mit symbolischer N\u00e4he zur H\u00e4lfte zufriedengeben. Erst recht dann nicht, wenn die strukturellen Bremsen so lange m\u00e4nnlich gewirkt haben. Es geht hier nicht um Dekoration, nicht um nette Vielfalt auf Managementfotos und nicht um die sentimentale Aufladung von Vorst\u00e4nden mit weiblicher Anmutung. Es geht um Verf\u00fcgungsmacht. Um Einfluss. Um Priorit\u00e4tensetzung. Um die Frage, wessen Blick auf die Welt in Entscheidungen eingeht und wessen nicht.<\/p>\n<p>Ein Land, das wirtschaftlich stark und kulturell selbstzufrieden ist, aber bei weiblicher F\u00fchrung im unteren europ\u00e4ischen Drittel landet, sollte sich nicht mit Ausreden behelfen. Es sollte das als das erkennen, was es ist: ein strukturelles Defizit.<\/p>\n<p><strong>\u092a\u0948\u0938\u093e \u0915\u094b\u0908 Nebenplatz \u0928\u0939\u0940\u0902, \u092c\u0932\u094d\u0915\u093f \u091c\u092e\u0940 \u0939\u0941\u0908 Ordnung \u0939\u0948<\/strong><\/p>\n<p>Beim Gender Pay Gap wird gerne zwei Fehlern zugleich Raum gegeben. Der eine besteht darin, jede Zahl sofort als blo\u00dfen Mythos abzutun, sobald jemand \u201cbereinigt\u201d und \u201cunbereinigt\u201d nicht sauber auseinanderh\u00e4lt. Der andere besteht darin, so zu tun, als sei mit der methodischen Differenzierung schon politisch alles gesagt.<\/p>\n<p>Beides ist bequem und beides ist falsch.<\/p>\n<p>Nat\u00fcrlich muss man unterscheiden. Der unbereinigte Gender Pay Gap beschreibt den gesamten durchschnittlichen Verdienstabstand. Der bereinigte Wert versucht, Unterschiede in Qualifikation, T\u00e4tigkeit und Erwerbsbiografie teilweise herauszurechnen. Das ist wichtig. Aber daraus folgt eben nicht, dass der Rest harmlos w\u00e4re. Im Gegenteil. Gerade der bereinigte Unterschied zeigt, dass selbst bei vergleichbaren Voraussetzungen ein Abstand bleibt. Und schon der unbereinigte Abstand wiederum erz\u00e4hlt etwas sehr Wichtiges \u00fcber die Struktur des Arbeitsmarkts: dar\u00fcber, wer in welchen Berufen landet, wer Erwerbsunterbrechungen tr\u00e4gt, wer Care-Arbeit kompensiert und wer auf Karrierelogiken zugeschnittene Lebensl\u00e4ufe leichter durchhalten kann.<\/p>\n<p>Mich \u00fcberzeugt die Gegen\u00fcberstellung von Stundenlohn und Monatsverlust deshalb so sehr, weil sie aus dem Abstrakten ins Konkrete f\u00fchrt. 1,71 Euro pro Stunde klingt f\u00fcr viele nicht nach Weltbewegung. Rund 300 Euro im Monat klingt pl\u00f6tzlich anders. Und genau so funktioniert strukturelle Benachteiligung oft. Sie tarnt sich als moderater Unterschied, bis man sie in Lebenszeit, Verm\u00f6gensbildung, Unabh\u00e4ngigkeit und Altersabsicherung \u00fcbersetzt.<\/p>\n<p>Geld ist nie nur Geld. Geld ist Entscheidungsspielraum. Geld ist Sicherheit. Geld ist die F\u00e4higkeit zu gehen, wenn man gehen muss. Geld ist auch die F\u00e4higkeit, nicht dankbar sein zu m\u00fcssen f\u00fcr Bedingungen, die gerecht sein sollten.<\/p>\n<p>Wer also den Gender Pay Gap zu einer Spezialdebatte f\u00fcr Statistikfreunde schrumpfen will, verkennt seinen Kern. Es geht nicht nur um Rechenarten. Es geht um gesellschaftlich organisierte Ungleichheit.<\/p>\n<p><strong>\u091c\u092c M\u00e4nnerk\u00f6rper Norm gilt, wird weibliches Leiden \u0926\u0947\u0930 \u0938\u0947 erkannt<\/strong><\/p>\n<p>Besonders unerquicklich finde ich die Gewohnheit vieler aufgekl\u00e4rter Gesellschaften, sich in Fragen der Medizin f\u00fcr rational zu halten und zugleich systematisch blinde Flecken zu pflegen. Nichts wirkt moderner als evidenzbasierte Medizin. Und kaum etwas zeigt deutlicher, wie selektiv auch Evidenz produziert und gewichtet wird.<\/p>\n<p>Das Beispiel Endometriose ist deshalb so stark, weil es die Abstraktion sprengt. Etwa jede zehnte Frau ist betroffen, und trotzdem vergehen oft viele Jahre, bis eine Diagnose gestellt wird. Je nach Datengrundlage liegt die durchschnittliche Verz\u00f6gerung bei ungef\u00e4hr sieben bis zehn Jahren. Man muss diesen Satz nur einmal ruhig aussprechen, um seine H\u00e4rte zu verstehen: Eine h\u00e4ufige, schmerzhafte, lebensbeeintr\u00e4chtigende Erkrankung wird \u00fcber Jahre hinweg zu sp\u00e4t erkannt.<\/p>\n<p>Sieben bis zehn Jahre sind kein bedauerlicher Nebeneffekt eines ansonsten tadellos funktionierenden Systems. Sie sind ein Hinweis darauf, dass weibliches Leiden anders eingeordnet wird. Dass Schmerzen bagatellisiert werden. Dass Symptome normalisiert werden, die nicht normal sind. Dass medizinische Routinen und Forschungspriorit\u00e4ten eben doch nicht so neutral sind, wie sie sich gern geben.<\/p>\n<p>Wenn der m\u00e4nnliche K\u00f6rper stillschweigend als Standard gilt, dann erscheinen Frauenk\u00f6rper zu schnell als Abweichung, Sonderfall oder komplizierte Variante. Genau darin liegt eine Form struktureller Herabsetzung, die oft unsichtbarer ist als offene Diskriminierung und gerade deshalb so wirksam.<\/p>\n<p>Mir ist wichtig, dieses Thema nicht als exotisches Zusatzkapitel zu behandeln. Es geh\u00f6rt ins Zentrum. Denn eine Gesellschaft, die Frauen weder im Alltag zuverl\u00e4ssig sch\u00fctzt noch in ihren Institutionen ausreichend repr\u00e4sentiert noch in ihrem Gesundheitssystem angemessen erforscht, kann sich nicht ernsthaft einreden, sie habe das Gleichstellungsproblem im Wesentlichen gel\u00f6st.<\/p>\n<p><strong>\u0938\u092c\u0938\u0947 \u0915\u094d\u0930\u0942\u0930 Realit\u00e4tscheck \u092c\u0902\u0926 \u0926\u0930\u0935\u093e\u091c\u094b\u0902 \u0915\u0947 \u092a\u0940\u091b\u0947 beginnt<\/strong><\/p>\n<p>So sehr mich die Themen Angst, Macht und strukturelle Langsamkeit besch\u00e4ftigt haben, der h\u00e4rteste Boden unter all diesen Debatten bleibt die Gewalt. Und zwar nicht als Symbol, sondern als tats\u00e4chliche Bedrohung von K\u00f6rpern und Leben.<\/p>\n<p>Dass der Gro\u00dfteil der Opfer h\u00e4uslicher Gewalt weiblich ist, ist f\u00fcr sich genommen schon ersch\u00fctternd. Noch deutlicher wird es bei Partnerschaftsgewalt, wo der Frauenanteil besonders hoch liegt. Hinter diesen Zahlen steckt keine abstrakte Schieflage, sondern konkrete Verletzung, Dem\u00fctigung, Kontrolle, Bedrohung, Abh\u00e4ngigkeit und in manchen F\u00e4llen T\u00f6tung.<\/p>\n<p>Mich trifft dabei nicht nur die Gewalt selbst, sondern auch die schamlose Gleichzeitigkeit von Wissen und Unt\u00e4tigkeit. Wir wissen, dass viele Taten nie angezeigt werden. Wir wissen, dass Scham, Angst, \u00f6konomische Abh\u00e4ngigkeit und emotionale Verstrickung die Anzeige erschweren. Wir wissen, dass Schutzr\u00e4ume fehlen. Und wir wissen, dass sogar Frauenh\u00e4user teilweise so organisiert oder finanziert sind, dass betroffene Frauen ihren Schutz aus eigener Tasche mitbezahlen m\u00fcssen.<\/p>\n<p>Es ist schwer, daf\u00fcr ein milderes Wort zu finden als politisches Versagen.<\/p>\n<p>Eine Gesellschaft, die Frauen sagt, sie sollen sich aus gewaltt\u00e4tigen Verh\u00e4ltnissen befreien, aber nicht verl\u00e4sslich daf\u00fcr sorgt, dass Schutzpl\u00e4tze kostenlos, erreichbar und ausreichend vorhanden sind, spricht in Wahrheit in zwei Stimmen. In der einen verurteilt sie die Gewalt. In der anderen kalkuliert sie ihre Folgekosten auf dem R\u00fccken der Betroffenen.<\/p>\n<p>An diesem Punkt h\u00f6rt f\u00fcr mich jede gem\u00fctliche Weltfrauentagsrhetorik auf. Dann geht es nicht mehr um Sensibilisierung allein. Dann geht es um Infrastruktur, Priorit\u00e4ten und Ernsthaftigkeit. Der Satz, dass jede vierte Frau ihren Platz im Frauenhaus ganz oder teilweise selbst bezahlen muss, ist keine Randnotiz. Er ist ein Skandal in einem wohlhabenden Land.<\/p>\n<p><strong>Fortschritt real \u0939\u0948 und reicht trotzdem nicht<\/strong><\/p>\n<p>Ich will den Fortschritt nicht kleinreden. Das w\u00e4re billig. Es w\u00e4re auch ungenau. Wenn die globale Geschlechterl\u00fccke sich messbar weiter geschlossen hat und die Prognose sich von fr\u00fcheren, noch l\u00e4ngeren Zeitr\u00e4umen verbessert hat, dann ist das nicht nichts. Es w\u00e4re t\u00f6richt, so zu schreiben, als habe sich \u00fcberhaupt nichts bewegt.<\/p>\n<p>Ich habe im Chat selbst festgehalten, dass 123 Jahre fast schon wie eine Verbesserung wirken, wenn man aus fr\u00fcheren Jahren noch deutlich h\u00f6here Sch\u00e4tzungen im Kopf hat. Dieser Satz war halb bitter, halb ehrlich. Ja, es ist besser als noch schlechter. Aber genau darin liegt die Falle. Fortschritt darf nicht dadurch beruhigend wirken, dass man ihn immer nur mit dem noch unerquicklicheren Gestern vergleicht.<\/p>\n<p>123 Jahre sind keine motivierende Zahl. 123 Jahre sind eine Anklage gegen die Langsamkeit gesellschaftlicher Korrektur. Sie bedeuten, dass mehrere Generationen in einer Welt leben werden, die ihren eigenen Anspruch auf Gleichheit zwar st\u00e4ndig beteuert, aber praktisch nur in Zeitlupe einl\u00f6st.<\/p>\n<p>Vielleicht ist das sogar eines der Grundprobleme moderner Gesellschaften: Sie verwechseln Bewegung mit Angemessenheit. Sobald etwas nicht mehr v\u00f6llig stillsteht, gelten Geduld und N\u00fcchternheit pl\u00f6tzlich als Tugenden. Aber man muss sich nur die Themen dieses Textes nebeneinanderlegen, um zu merken, wie unerquicklich diese Geduld ist. Angst im Alltag. Bel\u00e4stigung als Normalit\u00e4t. Unterrepr\u00e4sentation in Machtpositionen. Einkommensabst\u00e4nde. diagnostische Blindstellen. Gewalt im Nahbereich. Unzureichende Schutzsysteme. Wenn das die Ausgangslage ist, dann ist Langsamkeit kein Zeichen von Besonnenheit. Dann ist sie Teil des Problems.<\/p>\n<p><strong>\u092e\u0947\u0930\u0940 \u0905\u092a\u0928\u0940 Reaktion mich \u0915\u094d\u092f\u093e besch\u00e4ftigt<\/strong><\/p>\n<p>Ich finde es wichtig, dass ich auf diesen Post nicht neutral reagiert habe. Nicht, weil starke Betroffenheit automatisch moralisch hochwertig w\u00e4re. Sondern weil Gleichg\u00fcltigkeit an dieser Stelle unerquicklich aufschlussreich w\u00e4re.<\/p>\n<p>Mich hat nicht nur ersch\u00fcttert, was Frauen erleben. Mich hat auch besch\u00e4ftigt, was meine spontane Auswahl \u00fcber mich verr\u00e4t. Ich habe offenbar nicht zuerst institutionell gedacht, sondern existenziell. Nicht zuerst in Regeln, sondern in Bedrohung. Nicht zuerst in Quoten, sondern in Angst. Erst danach kamen Macht, Geld, Medizin und Systemfragen.<\/p>\n<p>Ich halte das r\u00fcckblickend nicht f\u00fcr falsch. Im Gegenteil. Vielleicht beginnt ernsthafte Gleichstellungspolitik genau dort, wo man aufh\u00f6rt, Benachteiligung nur in Karrierekurven zu messen, und wieder versteht, dass Freiheit mit Sicherheit anf\u00e4ngt. Eine Frau, die im \u00f6ffentlichen Raum, im Arbeitsleben, im Gesundheitssystem und im privaten Nahbereich fortlaufend h\u00f6here Risiken mittragen muss als ein Mann, lebt nicht einfach nur in einer noch unvollkommen egalit\u00e4ren Gesellschaft. Sie lebt in einer Ordnung, die ihre Freiheit unter Vorbehalt stellt.<\/p>\n<p>Als Mann dar\u00fcber zu schreiben, ist heikel. Und das soll es auch sein. Diese Perspektive hat nur dann einen Wert, wenn sie sich nicht in den Vordergrund dr\u00e4ngt und nicht um moralische Absolution bittet. Ich will nicht gelobt werden, weil ich einen Post ernst nehme, der f\u00fcr viele Frauen blo\u00df einen Alltag verdichtet, den sie ohnehin kennen. Aber ich halte es f\u00fcr notwendig, dass M\u00e4nner \u00f6ffentlich lernen, in dieser Debatte anders zu sprechen: weniger selbstbezogen, weniger defensiv, weniger juristisch, weniger auf Entlastung bedacht.<\/p>\n<p>Vielleicht ist der wichtigste Schritt nicht, dass M\u00e4nner schneller eine Meinung haben. Vielleicht ist der wichtigste Schritt, dass sie sich die Realit\u00e4t von Frauen nicht erst dann zumuten, wenn sie in den schlimmsten Kategorien explodiert.<\/p>\n<p><strong>\u092e\u0948\u0902 \u0905\u092a\u0928\u0940 T\u00f6chter \u0915\u094b \u0915\u094d\u092f\u093e schulde<\/strong><\/p>\n<p>Der vielleicht bitterste Gedanke, der mir geblieben ist, betrifft nicht mich, sondern meine T\u00f6chter. Oder allgemeiner: T\u00f6chter \u00fcberhaupt.<\/p>\n<p>Es ist unerquicklich genug, als Mann zu begreifen, dass viele Frauen sich in Bezug auf M\u00e4nner nie wirklich angstfrei bewegen. Es ist noch einmal h\u00e4rter, daraus die n\u00fcchterne Folgerung zu ziehen, dass man ein M\u00e4dchen auf genau diese Realit\u00e4t vorbereiten muss. Nicht aus Hysterie. Nicht aus Schwarzmalerei. Sondern aus Verantwortung.<\/p>\n<p>Das ist ein unertr\u00e4glicher Gedanke, wenn man ihn wirklich an sich heranl\u00e4sst. Denn eigentlich sollte das Ziel jeder zivilisierten Gesellschaft sein, dass Eltern ihre T\u00f6chter nicht auf m\u00e4nnliche Grenzverletzung, m\u00e4nnliche Unberechenbarkeit und m\u00e4nnliche Machtgef\u00e4lle vorbereiten m\u00fcssen. Wenn man es doch tun muss, ist das kein Zeichen besonderer Erziehungsweisheit. Es ist ein Armutszeugnis f\u00fcr die Gesellschaft.<\/p>\n<p>Und dennoch w\u00e4re Wegsehen die schlechtere Option. Ich will nicht so tun, als k\u00f6nne gute Erziehung ein strukturelles Problem l\u00f6sen. Aber ich will auch nicht so tun, als habe eine lieb formulierte Weltfrauentagsbotschaft irgendeinen Wert, wenn sie nicht in die N\u00fcchternheit des Alltags \u00fcbersetzt wird. Eine Tochter stark zu machen hei\u00dft leider immer auch, sie in einer Welt lesen zu lehren, die ihr nicht selbstverst\u00e4ndlich wohlgesonnen ist.<\/p>\n<p>Dass mich dieser Gedanke so angreift, ist kein Beweis meiner besonderen Sensibilit\u00e4t. Es ist eher ein Beleg daf\u00fcr, wie lange M\u00e4nner sich erlauben konnten, diese Perspektive nicht zentral mitzudenken.<\/p>\n<p><strong>\u0905\u0917\u0930 man ihn ernst nimmt, ist Weltfrauentag kein Ritual<\/strong><\/p>\n<p>Ich habe diesen Weltfrauentag 2026 nicht als Anlass erlebt, ein paar erwartbare Positionen zu best\u00e4tigen. Ich habe ihn auch nicht als moralischen Pflichttermin erlebt. Eher als Erinnerung daran, dass gesellschaftliche Schieflagen dann am deutlichsten werden, wenn man sie nicht mehr in getrennten Kapiteln denkt.<\/p>\n<p>Angst vor M\u00e4nnern ist nicht vom Thema Macht zu trennen. Macht ist nicht vom Thema Geld zu trennen. Geld ist nicht von Abh\u00e4ngigkeit zu trennen. Abh\u00e4ngigkeit ist nicht von Gewalt zu trennen. Gewalt ist nicht von unzureichendem Schutz zu trennen. Und all das ist nicht von der kulturellen Gewohnheit zu trennen, weibliche Erfahrungen f\u00fcr besonders, subjektiv oder bedauerlich zu halten, statt sie als Ma\u00dfstab f\u00fcr die G\u00fcte einer Gesellschaft zu begreifen.<\/p>\n<p>Gerade deshalb gen\u00fcgt es nicht, Fortschritt zu feiern, sobald er messbar wird. Fortschritt ist nur dann glaubw\u00fcrdig, wenn er den Ernst der Lage nicht weichzeichnet. Wenn er nicht aus einem Drittel weiblicher F\u00fchrung pl\u00f6tzlich eine Erfolgsmeldung macht. Wenn er nicht aus ein paar Prozentpunkten Lohnann\u00e4herung eine Erledigungsfantasie ableitet. Wenn er nicht aus einer verbesserten globalen Prognose von 123 Jahren so etwas wie Hoffnung ohne Verpflichtung destilliert.<\/p>\n<p>Ich nehme aus diesem Tag vor allem eine Verschiebung mit. Weg von der Frage, ob ich mich selbst f\u00fcr anst\u00e4ndig halte. Hin zu der Frage, was Anstand gesellschaftlich verlangt. Und die Antwort darauf ist unangenehm einfach: nicht bagatellisieren, nicht ausweichen, nicht relativieren, nicht auf sp\u00e4tere Generationen vertr\u00f6sten.<\/p>\n<p>Wenn der Weltfrauentag mehr sein soll als ein j\u00e4hrlich wiederkehrendes Ritual, dann genau das. Ein Tag, an dem man sich nicht im richtigen Ton gef\u00e4llt, sondern der Realit\u00e4t standh\u00e4lt. Eine Realit\u00e4t, in der Fortschritt real ist und trotzdem unerquicklich langsam. Eine Realit\u00e4t, in der viele Frauen l\u00e4ngst gelernt haben, was M\u00e4nner erst noch lernen m\u00fcssen: dass Gleichheit nicht dort beginnt, wo man sie bejaht, sondern dort, wo man die Kosten ihrer Abwesenheit nicht l\u00e4nger normalisiert.<\/p>\n<p><strong>\u091a\u094c\u0915\u094b\u0930 Blogbild \u0915\u0947 \u0932\u093f\u090f Bildbeschreibung<\/strong><\/p>\n<p>Das quadratische Blogbild soll modern, still, hochwertig und zugleich beklemmend wirken. Es soll nicht plakativ agitieren, sondern mit symbolischer Dichte arbeiten. Im Zentrum des Bildes steht eine junge Frau in einer urbanen Umgebung, frontal, leicht aus der Untersicht, nicht dramatisch inszeniert, sondern ruhig und aufrecht. Sie steht nicht als Opferfigur da, sondern als wache, kontrollierte, konzentrierte Person. Ihr Gesicht zeigt keine Panik, sondern diese Form von gespannter Wachheit, die entsteht, wenn jemand gelernt hat, den Raum mitzulesen. Die Umgebung soll wie eine abendliche Stadt wirken, stilisiert, nicht fotorealistisch dokumentarisch, eher editorial und atmosph\u00e4risch: diffuse Lichter, angedeutete Fassaden, eine Unterf\u00fchrung oder ein breiter Gehweg, alles in k\u00fchlen Grau-, Blau- und Asphaltfarben.<\/p>\n<p>Um sie herum sollen m\u00e4nnliche Silhouetten nicht als einzelne identifizierbare Personen erscheinen, sondern als \u00fcbergro\u00dfe, leicht unscharfe Schattenformen im Hintergrund, halb in Bewegung, halb statisch, so dass nicht ein konkreter T\u00e4ter gezeigt wird, sondern eine strukturelle Bedrohung. Wichtig ist, dass diese Silhouetten nicht monsterhaft oder comicartig wirken. Keine Fratzen, keine Gewaltpose, keine billige D\u00e4monisierung. Es geht gerade darum, dass die Bedrohung aus dem Normalen kommt, aus dem Allt\u00e4glichen, aus m\u00e4nnlicher Pr\u00e4senz, die im Bild gr\u00f6\u00dfer, dunkler und r\u00e4umlich dominanter erscheint als die Frau selbst.<\/p>\n<p>Im oberen oder seitlichen Bildraum soll eine grafische Ebene integriert sein, die an Infografiken erinnert, aber nicht wie ein echtes Diagramm aussieht: feine Linien, angedeutete Kreise, unscharfe Prozentfl\u00e4chen, fragmentierte Zahlenformen, die sich fast in die Architektur einschreiben. Diese Elemente sollen symbolisieren, dass hinter dem pers\u00f6nlichen Gef\u00fchl harte gesellschaftliche Daten stehen. Es darf dabei nicht wie ein Poster einer NGO wirken, sondern wie ein anspruchsvolles Magazin-Cover oder ein hochwertiges Leitbild zu einem langen Essay. Die Typografie ist nicht Teil des Motivs, aber das Bild soll Kompositionsraum lassen, damit eine starke \u00dcberschrift dar\u00fcbergelegt werden k\u00f6nnte.<\/p>\n<p>Ein zweites, subtiles Symbol sollte Machtasymmetrie einweben: Im Hintergrund, vielleicht in einer Spiegelung aus Glas oder in der angedeuteten Fassade eines B\u00fcrogeb\u00e4udes, sollen abstrakte geometrische Formen sichtbar werden, die an Konferenztische, obere Etagen oder Diagramme von F\u00fchrungsstrukturen erinnern. Dort dominieren kalte Linien, rechteckige Fenster, Raster und vertikale Achsen. Das Bild soll dadurch sichtbar machen, dass die Bedrohung nicht nur auf der Stra\u00dfe liegt, sondern auch in Institutionen, in Etagen, in den unsichtbaren Architekturen von Entscheidungsmacht.<\/p>\n<p>Gleichzeitig sollte im unteren Bildbereich ein sehr zartes, fast \u00fcbersehbares Motiv medizinischer Vernachl\u00e4ssigung und gesellschaftlicher Langsamkeit integriert sein. Das kann zum Beispiel durch eine feine, halbtransparente Schicht aus anatomisch anmutenden Linien oder durch eine angedeutete Uhr ohne Zeiger geschehen, die in die Textur des Bildes eingelassen ist. Keine w\u00f6rtliche Geb\u00e4rmuttergrafik, keine illustrative Endometriose-Zeichnung, sondern ein zur\u00fcckhaltendes, intelligentes Zitat von \u00fcbersehenem weiblichem K\u00f6rperwissen und verlorener Zeit. Diese Ebene soll erst auf den zweiten Blick erkennbar sein.<\/p>\n<p>Die Farbdramaturgie sollte gezielt mit Kontrasten arbeiten: k\u00fchle, dunkle, urbane Grundstimmung in Blau, Anthrazit, Beton und Schwarzgrau; dazu einzelne Akzente in einem ged\u00e4mpften Violett oder gebrochenen Magenta als visuelles Echo des Weltfrauentags, allerdings nicht leuchtend, sondern kontrolliert und erwachsen. Die Hautt\u00f6ne und Stoffe der zentralen Figur sollen nat\u00fcrlich und realistisch wirken. Ein warmer Lichtakzent im Gesicht oder an der Schulter der Frau k\u00f6nnte andeuten, dass hier nicht nur Bedrohung, sondern auch W\u00fcrde, Selbstbehauptung und Bewusstsein im Zentrum stehen.<\/p>\n<p>Das quadratische Format soll klar auskomponiert sein: Die Frau nicht exakt in der Mitte, sondern leicht versetzt, damit ein Gef\u00fchl latenter Instabilit\u00e4t entsteht. Die Hintergrundsilhouetten sollen in das Bild hineindr\u00e4ngen, aber nie so dominant werden, dass die Hauptfigur verschwindet. Der Blick der Betrachterin oder des Betrachters soll sofort bei ihr landen und dann erst allm\u00e4hlich die gr\u00f6\u00dfere Struktur erkennen. Genau diese Blickf\u00fchrung ist entscheidend: zuerst Person, dann System. Zuerst Erfahrung, dann Struktur. Zuerst W\u00fcrde, dann Bedrohung.<\/p>\n<p>Insgesamt soll das Bild wirken wie die visuelle \u00dcbersetzung dieses Textes: keine Parole, keine Illustration eines einzelnen Vorfalls, sondern eine verdichtete, intelligente, ruhige und sehr eindringliche Bildidee \u00fcber Angst, Macht, Ungleichheit, m\u00e4nnliche Verantwortung und die zerm\u00fcrbende Langsamkeit gesellschaftlicher Ver\u00e4nderung.<\/p>\n<div class=\"gsp_post_data\" data-post_type=\"post\" data-cat=\"uncategorized-hi\" data-modified=\"120\" data-title=\"\u091c\u094b \u092c\u093e\u0924 \u0928\u0947 \u092e\u0941\u091d\u0947 \u0935\u093f\u0936\u094d\u0935 \u092e\u0939\u093f\u0932\u093e \u0926\u093f\u0935\u0938 2026 \u092a\u0930 \u0938\u091a \u092e\u0947\u0902 \u091b\u0942 \u0932\u093f\u092f\u093e\" data-home=\"https:\/\/www.bestforming.de\/hi\/\"><\/div>","protected":false},"excerpt":{"rendered":"<p>\u0938\u0902\u0915\u094d\u0937\u0947\u092a \u092e\u0947\u0902: \u0907\u0938 Weltfrauentags-Post \u0928\u0947 mich nicht eine einzelne Zahl, sondern die Wucht des Zusammenhangs nicht losgelassen: \u0921\u0930, Macht, Geld, Medizin und Gewalt greifen viel unmittelbarer ineinander, als man es sich im Alltag gern klarmacht. Wenn junge Frauen M\u00e4nnern gegen\u00fcber offenkundig nicht angstfrei sind, wenn sexuelle Bel\u00e4stigung in erschreckender Gr\u00f6\u00dfenordnung zum Alltag geh\u00f6rt, wenn Frauen [&hellip;]<\/p>\n","protected":false},"author":1,"featured_media":16326,"parent":0,"comment_status":"closed","ping_status":"open","sticky":false,"template":"","format":"standard","meta":{"_acf_changed":false,"footnotes":""},"categories":[643],"tags":[],"class_list":["post-16372","post","type-post","status-publish","format-standard","has-post-thumbnail","hentry","category-uncategorized-hi"],"acf":[],"yoast_head":"<!-- This site is optimized with the Yoast SEO plugin v24.1 - https:\/\/yoast.com\/wordpress\/plugins\/seo\/ -->\n<title>\u091c\u094b \u092c\u093e\u0924 \u0928\u0947 \u092e\u0941\u091d\u0947 \u0935\u093f\u0936\u094d\u0935 \u092e\u0939\u093f\u0932\u093e \u0926\u093f\u0935\u0938 2026 \u092a\u0930 \u0938\u091a \u092e\u0947\u0902 \u091b\u0942 \u0932\u093f\u092f\u093e - bestforming<\/title>\n<meta name=\"description\" content=\"\u0938\u0902\u0915\u094d\u0937\u0947\u092a \u092e\u0947\u0902: \u0907\u0938 Weltfrauentags-Post \u0928\u0947 mich nicht eine einzelne Zahl, sondern die Wucht des Zusammenhangs nicht losgelassen: \u0921\u0930, Macht, Geld, Medizin und\u2026\" \/>\n<meta name=\"robots\" content=\"index, follow, max-snippet:-1, max-image-preview:large, max-video-preview:-1\" \/>\n<link rel=\"canonical\" href=\"https:\/\/www.bestforming.de\/hi\/blog\/was-mich-am-weltfrauentag-2026-wirklich-getroffen-hat-2\/\" \/>\n<meta property=\"og:locale\" content=\"hi_IN\" \/>\n<meta property=\"og:type\" content=\"article\" \/>\n<meta property=\"og:title\" content=\"\u091c\u094b \u092c\u093e\u0924 \u0928\u0947 \u092e\u0941\u091d\u0947 \u0935\u093f\u0936\u094d\u0935 \u092e\u0939\u093f\u0932\u093e \u0926\u093f\u0935\u0938 2026 \u092a\u0930 \u0938\u091a \u092e\u0947\u0902 \u091b\u0942 \u0932\u093f\u092f\u093e - bestforming\" \/>\n<meta property=\"og:description\" content=\"\u0938\u0902\u0915\u094d\u0937\u0947\u092a \u092e\u0947\u0902: \u0907\u0938 Weltfrauentags-Post \u0928\u0947 mich nicht eine einzelne Zahl, sondern die Wucht des Zusammenhangs nicht losgelassen: \u0921\u0930, Macht, Geld, Medizin und\u2026\" \/>\n<meta property=\"og:url\" content=\"https:\/\/www.bestforming.de\/hi\/blog\/was-mich-am-weltfrauentag-2026-wirklich-getroffen-hat-2\/\" \/>\n<meta property=\"og:site_name\" content=\"bestforming\" \/>\n<meta property=\"article:published_time\" content=\"2026-03-13T05:36:27+00:00\" \/>\n<meta property=\"article:modified_time\" content=\"2026-03-14T20:09:32+00:00\" \/>\n<meta property=\"og:image\" content=\"https:\/\/www.bestforming.de\/wp-content\/uploads\/2026\/03\/IMG_3005.jpeg\" \/>\n\t<meta property=\"og:image:width\" content=\"1024\" \/>\n\t<meta property=\"og:image:height\" content=\"1024\" \/>\n\t<meta property=\"og:image:type\" content=\"image\/jpeg\" \/>\n<meta name=\"author\" content=\"benjamin\" \/>\n<meta name=\"twitter:card\" content=\"summary_large_image\" \/>\n<meta name=\"twitter:title\" content=\"\u091c\u094b \u092c\u093e\u0924 \u0928\u0947 \u092e\u0941\u091d\u0947 \u0935\u093f\u0936\u094d\u0935 \u092e\u0939\u093f\u0932\u093e \u0926\u093f\u0935\u0938 2026 \u092a\u0930 \u0938\u091a \u092e\u0947\u0902 \u091b\u0942 \u0932\u093f\u092f\u093e\" \/>\n<meta name=\"twitter:description\" content=\"\u0938\u0902\u0915\u094d\u0937\u0947\u092a \u092e\u0947\u0902: \u0907\u0938 Weltfrauentags-Post \u0928\u0947 mich nicht eine einzelne Zahl, sondern die Wucht des Zusammenhangs nicht losgelassen: \u0921\u0930, Macht, Geld, Medizin und\u2026\" \/>\n<meta name=\"twitter:image\" content=\"https:\/\/www.bestforming.de\/wp-content\/uploads\/2026\/03\/IMG_3005.jpeg\" \/>\n<meta name=\"twitter:label1\" content=\"\u0926\u094d\u0935\u093e\u0930\u093e \u0932\u093f\u0916\u093f\u0924\" \/>\n\t<meta name=\"twitter:data1\" content=\"benjamin\" \/>\n\t<meta name=\"twitter:label2\" content=\"\u0905\u0928\u0941\u092e\u093e\u0928\u093f\u0924 \u092a\u0922\u093c\u0928\u0947 \u0915\u093e \u0938\u092e\u092f\" \/>\n\t<meta name=\"twitter:data2\" content=\"22 \u092e\u093f\u0928\u091f\" \/>\n<script type=\"application\/ld+json\" class=\"yoast-schema-graph\">{\"@context\":\"https:\/\/schema.org\",\"@graph\":[{\"@type\":\"Article\",\"@id\":\"https:\/\/www.bestforming.de\/hi\/blog\/was-mich-am-weltfrauentag-2026-wirklich-getroffen-hat-2\/#article\",\"isPartOf\":{\"@id\":\"https:\/\/www.bestforming.de\/hi\/blog\/was-mich-am-weltfrauentag-2026-wirklich-getroffen-hat-2\/\"},\"author\":{\"name\":\"benjamin\",\"@id\":\"https:\/\/www.bestforming.de\/hi\/#\/schema\/person\/c8859ee5768d8d698287d03354f6043c\"},\"headline\":\"\u091c\u094b \u092c\u093e\u0924 \u0928\u0947 \u092e\u0941\u091d\u0947 \u0935\u093f\u0936\u094d\u0935 \u092e\u0939\u093f\u0932\u093e \u0926\u093f\u0935\u0938 2026 \u092a\u0930 \u0938\u091a \u092e\u0947\u0902 \u091b\u0942 \u0932\u093f\u092f\u093e\",\"datePublished\":\"2026-03-13T05:36:27+00:00\",\"dateModified\":\"2026-03-14T20:09:32+00:00\",\"mainEntityOfPage\":{\"@id\":\"https:\/\/www.bestforming.de\/hi\/blog\/was-mich-am-weltfrauentag-2026-wirklich-getroffen-hat-2\/\"},\"wordCount\":4490,\"publisher\":{\"@id\":\"https:\/\/www.bestforming.de\/hi\/#organization\"},\"image\":{\"@id\":\"https:\/\/www.bestforming.de\/hi\/blog\/was-mich-am-weltfrauentag-2026-wirklich-getroffen-hat-2\/#primaryimage\"},\"thumbnailUrl\":\"https:\/\/www.bestforming.de\/wp-content\/uploads\/2026\/03\/IMG_3005.jpeg\",\"articleSection\":[\"Uncategorized @hi\"],\"inLanguage\":\"hi-IN\"},{\"@type\":\"WebPage\",\"@id\":\"https:\/\/www.bestforming.de\/hi\/blog\/was-mich-am-weltfrauentag-2026-wirklich-getroffen-hat-2\/\",\"url\":\"https:\/\/www.bestforming.de\/hi\/blog\/was-mich-am-weltfrauentag-2026-wirklich-getroffen-hat-2\/\",\"name\":\"\u091c\u094b \u092c\u093e\u0924 \u0928\u0947 \u092e\u0941\u091d\u0947 \u0935\u093f\u0936\u094d\u0935 \u092e\u0939\u093f\u0932\u093e \u0926\u093f\u0935\u0938 2026 \u092a\u0930 \u0938\u091a \u092e\u0947\u0902 \u091b\u0942 \u0932\u093f\u092f\u093e - bestforming\",\"isPartOf\":{\"@id\":\"https:\/\/www.bestforming.de\/hi\/#website\"},\"primaryImageOfPage\":{\"@id\":\"https:\/\/www.bestforming.de\/hi\/blog\/was-mich-am-weltfrauentag-2026-wirklich-getroffen-hat-2\/#primaryimage\"},\"image\":{\"@id\":\"https:\/\/www.bestforming.de\/hi\/blog\/was-mich-am-weltfrauentag-2026-wirklich-getroffen-hat-2\/#primaryimage\"},\"thumbnailUrl\":\"https:\/\/www.bestforming.de\/wp-content\/uploads\/2026\/03\/IMG_3005.jpeg\",\"datePublished\":\"2026-03-13T05:36:27+00:00\",\"dateModified\":\"2026-03-14T20:09:32+00:00\",\"description\":\"\u0938\u0902\u0915\u094d\u0937\u0947\u092a \u092e\u0947\u0902: \u0907\u0938 Weltfrauentags-Post \u0928\u0947 mich nicht eine einzelne Zahl, sondern die Wucht des Zusammenhangs nicht losgelassen: \u0921\u0930, Macht, Geld, Medizin und\u2026\",\"breadcrumb\":{\"@id\":\"https:\/\/www.bestforming.de\/hi\/blog\/was-mich-am-weltfrauentag-2026-wirklich-getroffen-hat-2\/#breadcrumb\"},\"inLanguage\":\"hi-IN\",\"potentialAction\":[{\"@type\":\"ReadAction\",\"target\":[\"https:\/\/www.bestforming.de\/hi\/blog\/was-mich-am-weltfrauentag-2026-wirklich-getroffen-hat-2\/\"]}]},{\"@type\":\"ImageObject\",\"inLanguage\":\"hi-IN\",\"@id\":\"https:\/\/www.bestforming.de\/hi\/blog\/was-mich-am-weltfrauentag-2026-wirklich-getroffen-hat-2\/#primaryimage\",\"url\":\"https:\/\/www.bestforming.de\/wp-content\/uploads\/2026\/03\/IMG_3005.jpeg\",\"contentUrl\":\"https:\/\/www.bestforming.de\/wp-content\/uploads\/2026\/03\/IMG_3005.jpeg\",\"width\":1024,\"height\":1024},{\"@type\":\"BreadcrumbList\",\"@id\":\"https:\/\/www.bestforming.de\/hi\/blog\/was-mich-am-weltfrauentag-2026-wirklich-getroffen-hat-2\/#breadcrumb\",\"itemListElement\":[{\"@type\":\"ListItem\",\"position\":1,\"name\":\"\u092e\u0941\u0916\u092a\u0943\u0937\u094d\u0920\",\"item\":\"https:\/\/www.bestforming.de\/hi\/startseite\/\"},{\"@type\":\"ListItem\",\"position\":2,\"name\":\"\u091c\u094b \u092c\u093e\u0924 \u0928\u0947 \u092e\u0941\u091d\u0947 \u0935\u093f\u0936\u094d\u0935 \u092e\u0939\u093f\u0932\u093e \u0926\u093f\u0935\u0938 2026 \u092a\u0930 \u0938\u091a \u092e\u0947\u0902 \u091b\u0942 \u0932\u093f\u092f\u093e\"}]},{\"@type\":\"WebSite\",\"@id\":\"https:\/\/www.bestforming.de\/hi\/#website\",\"url\":\"https:\/\/www.bestforming.de\/hi\/\",\"name\":\"bestforming\",\"description\":\"\",\"publisher\":{\"@id\":\"https:\/\/www.bestforming.de\/hi\/#organization\"},\"potentialAction\":[{\"@type\":\"SearchAction\",\"target\":{\"@type\":\"EntryPoint\",\"urlTemplate\":\"https:\/\/www.bestforming.de\/hi\/?s={search_term_string}\"},\"query-input\":{\"@type\":\"PropertyValueSpecification\",\"valueRequired\":true,\"valueName\":\"search_term_string\"}}],\"inLanguage\":\"hi-IN\"},{\"@type\":\"Organization\",\"@id\":\"https:\/\/www.bestforming.de\/hi\/#organization\",\"name\":\"bestforming\",\"url\":\"https:\/\/www.bestforming.de\/hi\/\",\"logo\":{\"@type\":\"ImageObject\",\"inLanguage\":\"hi-IN\",\"@id\":\"https:\/\/www.bestforming.de\/hi\/#\/schema\/logo\/image\/\",\"url\":\"https:\/\/www.bestforming.de\/wp-content\/uploads\/2024\/12\/web-logo.png\",\"contentUrl\":\"https:\/\/www.bestforming.de\/wp-content\/uploads\/2024\/12\/web-logo.png\",\"width\":278,\"height\":73,\"caption\":\"bestforming\"},\"image\":{\"@id\":\"https:\/\/www.bestforming.de\/hi\/#\/schema\/logo\/image\/\"}},{\"@type\":\"Person\",\"@id\":\"https:\/\/www.bestforming.de\/hi\/#\/schema\/person\/c8859ee5768d8d698287d03354f6043c\",\"name\":\"benjamin\",\"sameAs\":[\"https:\/\/bestforming.de\"]}]}<\/script>\n<!-- \/ Yoast SEO plugin. -->","yoast_head_json":{"title":"\u091c\u094b \u092c\u093e\u0924 \u0928\u0947 \u092e\u0941\u091d\u0947 \u0935\u093f\u0936\u094d\u0935 \u092e\u0939\u093f\u0932\u093e \u0926\u093f\u0935\u0938 2026 \u092a\u0930 \u0938\u091a \u092e\u0947\u0902 \u091b\u0942 \u0932\u093f\u092f\u093e - bestforming","description":"\u0938\u0902\u0915\u094d\u0937\u0947\u092a \u092e\u0947\u0902: \u0907\u0938 Weltfrauentags-Post \u0928\u0947 mich nicht eine einzelne Zahl, sondern die Wucht des Zusammenhangs nicht losgelassen: \u0921\u0930, Macht, Geld, Medizin und\u2026","robots":{"index":"index","follow":"follow","max-snippet":"max-snippet:-1","max-image-preview":"max-image-preview:large","max-video-preview":"max-video-preview:-1"},"canonical":"https:\/\/www.bestforming.de\/hi\/blog\/was-mich-am-weltfrauentag-2026-wirklich-getroffen-hat-2\/","og_locale":"hi_IN","og_type":"article","og_title":"\u091c\u094b \u092c\u093e\u0924 \u0928\u0947 \u092e\u0941\u091d\u0947 \u0935\u093f\u0936\u094d\u0935 \u092e\u0939\u093f\u0932\u093e \u0926\u093f\u0935\u0938 2026 \u092a\u0930 \u0938\u091a \u092e\u0947\u0902 \u091b\u0942 \u0932\u093f\u092f\u093e - bestforming","og_description":"\u0938\u0902\u0915\u094d\u0937\u0947\u092a \u092e\u0947\u0902: \u0907\u0938 Weltfrauentags-Post \u0928\u0947 mich nicht eine einzelne Zahl, sondern die Wucht des Zusammenhangs nicht losgelassen: \u0921\u0930, Macht, Geld, Medizin und\u2026","og_url":"https:\/\/www.bestforming.de\/hi\/blog\/was-mich-am-weltfrauentag-2026-wirklich-getroffen-hat-2\/","og_site_name":"bestforming","article_published_time":"2026-03-13T05:36:27+00:00","article_modified_time":"2026-03-14T20:09:32+00:00","og_image":[{"width":1024,"height":1024,"url":"https:\/\/www.bestforming.de\/wp-content\/uploads\/2026\/03\/IMG_3005.jpeg","type":"image\/jpeg"}],"author":"benjamin","twitter_card":"summary_large_image","twitter_title":"\u091c\u094b \u092c\u093e\u0924 \u0928\u0947 \u092e\u0941\u091d\u0947 \u0935\u093f\u0936\u094d\u0935 \u092e\u0939\u093f\u0932\u093e \u0926\u093f\u0935\u0938 2026 \u092a\u0930 \u0938\u091a \u092e\u0947\u0902 \u091b\u0942 \u0932\u093f\u092f\u093e","twitter_description":"\u0938\u0902\u0915\u094d\u0937\u0947\u092a \u092e\u0947\u0902: \u0907\u0938 Weltfrauentags-Post \u0928\u0947 mich nicht eine einzelne Zahl, sondern die Wucht des Zusammenhangs nicht losgelassen: \u0921\u0930, Macht, Geld, Medizin und\u2026","twitter_image":"https:\/\/www.bestforming.de\/wp-content\/uploads\/2026\/03\/IMG_3005.jpeg","twitter_misc":{"\u0926\u094d\u0935\u093e\u0930\u093e \u0932\u093f\u0916\u093f\u0924":"benjamin","\u0905\u0928\u0941\u092e\u093e\u0928\u093f\u0924 \u092a\u0922\u093c\u0928\u0947 \u0915\u093e \u0938\u092e\u092f":"22 \u092e\u093f\u0928\u091f"},"schema":{"@context":"https:\/\/schema.org","@graph":[{"@type":"Article","@id":"https:\/\/www.bestforming.de\/hi\/blog\/was-mich-am-weltfrauentag-2026-wirklich-getroffen-hat-2\/#article","isPartOf":{"@id":"https:\/\/www.bestforming.de\/hi\/blog\/was-mich-am-weltfrauentag-2026-wirklich-getroffen-hat-2\/"},"author":{"name":"benjamin","@id":"https:\/\/www.bestforming.de\/hi\/#\/schema\/person\/c8859ee5768d8d698287d03354f6043c"},"headline":"\u091c\u094b \u092c\u093e\u0924 \u0928\u0947 \u092e\u0941\u091d\u0947 \u0935\u093f\u0936\u094d\u0935 \u092e\u0939\u093f\u0932\u093e \u0926\u093f\u0935\u0938 2026 \u092a\u0930 \u0938\u091a \u092e\u0947\u0902 \u091b\u0942 \u0932\u093f\u092f\u093e","datePublished":"2026-03-13T05:36:27+00:00","dateModified":"2026-03-14T20:09:32+00:00","mainEntityOfPage":{"@id":"https:\/\/www.bestforming.de\/hi\/blog\/was-mich-am-weltfrauentag-2026-wirklich-getroffen-hat-2\/"},"wordCount":4490,"publisher":{"@id":"https:\/\/www.bestforming.de\/hi\/#organization"},"image":{"@id":"https:\/\/www.bestforming.de\/hi\/blog\/was-mich-am-weltfrauentag-2026-wirklich-getroffen-hat-2\/#primaryimage"},"thumbnailUrl":"https:\/\/www.bestforming.de\/wp-content\/uploads\/2026\/03\/IMG_3005.jpeg","articleSection":["Uncategorized @hi"],"inLanguage":"hi-IN"},{"@type":"WebPage","@id":"https:\/\/www.bestforming.de\/hi\/blog\/was-mich-am-weltfrauentag-2026-wirklich-getroffen-hat-2\/","url":"https:\/\/www.bestforming.de\/hi\/blog\/was-mich-am-weltfrauentag-2026-wirklich-getroffen-hat-2\/","name":"\u091c\u094b \u092c\u093e\u0924 \u0928\u0947 \u092e\u0941\u091d\u0947 \u0935\u093f\u0936\u094d\u0935 \u092e\u0939\u093f\u0932\u093e \u0926\u093f\u0935\u0938 2026 \u092a\u0930 \u0938\u091a \u092e\u0947\u0902 \u091b\u0942 \u0932\u093f\u092f\u093e - bestforming","isPartOf":{"@id":"https:\/\/www.bestforming.de\/hi\/#website"},"primaryImageOfPage":{"@id":"https:\/\/www.bestforming.de\/hi\/blog\/was-mich-am-weltfrauentag-2026-wirklich-getroffen-hat-2\/#primaryimage"},"image":{"@id":"https:\/\/www.bestforming.de\/hi\/blog\/was-mich-am-weltfrauentag-2026-wirklich-getroffen-hat-2\/#primaryimage"},"thumbnailUrl":"https:\/\/www.bestforming.de\/wp-content\/uploads\/2026\/03\/IMG_3005.jpeg","datePublished":"2026-03-13T05:36:27+00:00","dateModified":"2026-03-14T20:09:32+00:00","description":"\u0938\u0902\u0915\u094d\u0937\u0947\u092a \u092e\u0947\u0902: \u0907\u0938 Weltfrauentags-Post \u0928\u0947 mich nicht eine einzelne Zahl, sondern die Wucht des Zusammenhangs nicht losgelassen: \u0921\u0930, Macht, Geld, Medizin und\u2026","breadcrumb":{"@id":"https:\/\/www.bestforming.de\/hi\/blog\/was-mich-am-weltfrauentag-2026-wirklich-getroffen-hat-2\/#breadcrumb"},"inLanguage":"hi-IN","potentialAction":[{"@type":"ReadAction","target":["https:\/\/www.bestforming.de\/hi\/blog\/was-mich-am-weltfrauentag-2026-wirklich-getroffen-hat-2\/"]}]},{"@type":"ImageObject","inLanguage":"hi-IN","@id":"https:\/\/www.bestforming.de\/hi\/blog\/was-mich-am-weltfrauentag-2026-wirklich-getroffen-hat-2\/#primaryimage","url":"https:\/\/www.bestforming.de\/wp-content\/uploads\/2026\/03\/IMG_3005.jpeg","contentUrl":"https:\/\/www.bestforming.de\/wp-content\/uploads\/2026\/03\/IMG_3005.jpeg","width":1024,"height":1024},{"@type":"BreadcrumbList","@id":"https:\/\/www.bestforming.de\/hi\/blog\/was-mich-am-weltfrauentag-2026-wirklich-getroffen-hat-2\/#breadcrumb","itemListElement":[{"@type":"ListItem","position":1,"name":"\u092e\u0941\u0916\u092a\u0943\u0937\u094d\u0920","item":"https:\/\/www.bestforming.de\/hi\/startseite\/"},{"@type":"ListItem","position":2,"name":"\u091c\u094b \u092c\u093e\u0924 \u0928\u0947 \u092e\u0941\u091d\u0947 \u0935\u093f\u0936\u094d\u0935 \u092e\u0939\u093f\u0932\u093e \u0926\u093f\u0935\u0938 2026 \u092a\u0930 \u0938\u091a \u092e\u0947\u0902 \u091b\u0942 \u0932\u093f\u092f\u093e"}]},{"@type":"WebSite","@id":"https:\/\/www.bestforming.de\/hi\/#website","url":"https:\/\/www.bestforming.de\/hi\/","name":"bestforming","description":"","publisher":{"@id":"https:\/\/www.bestforming.de\/hi\/#organization"},"potentialAction":[{"@type":"SearchAction","target":{"@type":"EntryPoint","urlTemplate":"https:\/\/www.bestforming.de\/hi\/?s={search_term_string}"},"query-input":{"@type":"PropertyValueSpecification","valueRequired":true,"valueName":"search_term_string"}}],"inLanguage":"hi-IN"},{"@type":"Organization","@id":"https:\/\/www.bestforming.de\/hi\/#organization","name":"bestforming","url":"https:\/\/www.bestforming.de\/hi\/","logo":{"@type":"ImageObject","inLanguage":"hi-IN","@id":"https:\/\/www.bestforming.de\/hi\/#\/schema\/logo\/image\/","url":"https:\/\/www.bestforming.de\/wp-content\/uploads\/2024\/12\/web-logo.png","contentUrl":"https:\/\/www.bestforming.de\/wp-content\/uploads\/2024\/12\/web-logo.png","width":278,"height":73,"caption":"bestforming"},"image":{"@id":"https:\/\/www.bestforming.de\/hi\/#\/schema\/logo\/image\/"}},{"@type":"Person","@id":"https:\/\/www.bestforming.de\/hi\/#\/schema\/person\/c8859ee5768d8d698287d03354f6043c","name":"benjamin","sameAs":["https:\/\/bestforming.de"]}]}},"_links":{"self":[{"href":"https:\/\/www.bestforming.de\/hi\/wp-json\/wp\/v2\/posts\/16372","targetHints":{"allow":["GET"]}}],"collection":[{"href":"https:\/\/www.bestforming.de\/hi\/wp-json\/wp\/v2\/posts"}],"about":[{"href":"https:\/\/www.bestforming.de\/hi\/wp-json\/wp\/v2\/types\/post"}],"author":[{"embeddable":true,"href":"https:\/\/www.bestforming.de\/hi\/wp-json\/wp\/v2\/users\/1"}],"replies":[{"embeddable":true,"href":"https:\/\/www.bestforming.de\/hi\/wp-json\/wp\/v2\/comments?post=16372"}],"version-history":[{"count":5,"href":"https:\/\/www.bestforming.de\/hi\/wp-json\/wp\/v2\/posts\/16372\/revisions"}],"predecessor-version":[{"id":16461,"href":"https:\/\/www.bestforming.de\/hi\/wp-json\/wp\/v2\/posts\/16372\/revisions\/16461"}],"wp:featuredmedia":[{"embeddable":true,"href":"https:\/\/www.bestforming.de\/hi\/wp-json\/wp\/v2\/media\/16326"}],"wp:attachment":[{"href":"https:\/\/www.bestforming.de\/hi\/wp-json\/wp\/v2\/media?parent=16372"}],"wp:term":[{"taxonomy":"category","embeddable":true,"href":"https:\/\/www.bestforming.de\/hi\/wp-json\/wp\/v2\/categories?post=16372"},{"taxonomy":"post_tag","embeddable":true,"href":"https:\/\/www.bestforming.de\/hi\/wp-json\/wp\/v2\/tags?post=16372"}],"curies":[{"name":"wp","href":"https:\/\/api.w.org\/{rel}","templated":true}]}}